{"id":883,"date":"2021-12-11T23:40:05","date_gmt":"2021-12-11T22:40:05","guid":{"rendered":"https:\/\/thibaudhulin.net\/?p=883"},"modified":"2021-12-13T12:12:15","modified_gmt":"2021-12-13T11:12:15","slug":"comment-se-former-a-la-communication-digitale","status":"publish","type":"post","link":"https:\/\/thibaudhulin.net\/en\/comment-se-former-a-la-communication-digitale\/","title":{"rendered":"How to train in digital communication?"},"content":{"rendered":"<div class=\"wp-block-image\"><figure class=\"alignright size-large is-resized\"><img fetchpriority=\"high\" decoding=\"async\" src=\"https:\/\/thibaudhulin.net\/wp-content\/uploads\/2021\/12\/system-g4c0c9450d_1280-642x533.jpg\" alt=\"\" class=\"wp-image-884\" width=\"427\" height=\"355\"\/><figcaption>Digital communication can bring good weather like clouds\u2026<\/figcaption><\/figure><\/div>\n\n\n\n<p>As&#039;<a href=\"https:\/\/thibaudhulin.net\/en\/biographie\/\">teacher and researcher specializing in digital humanities<\/a>, I regularly produce educational resources to help students learn better with digital technologies. I work in various fields: experience design, website administration, SEO, communication with social networks, production of games or multimedia applications, information research, epistemology , e-commerce, sometimes computer code\u2026<\/p>\n\n\n\n<!--more-->\n\n\n\n<p>Anyone who works in a digital ecosystem knows how necessary it is to constantly learn and constantly renew oneself. My first ambition is not to transmit knowledge or to be a model to follow. It is rather to <strong>provide opportunities to grow<\/strong> to learners. And my second ambition is to insist on the <strong>concepts<\/strong>, the control of which ensures the development of <strong>high level skills<\/strong> : fundamental skills on which other more operational skills depend. This approach avoids insisting on recipe-type procedures. These give the impression of know-how at the time. However, they do not allow the learner to evaluate in a real digital ecosystem.<\/p>\n\n\n\n<p>This article presents my approach and project to provide resources to train in digital communication.<\/p>\n\n\n\n<p><\/p>\n\n\n\n<h2 class=\"wp-block-heading\">A constantly evolving digital ecosystem<\/h2>\n\n\n\n<p>First, we need to stop calling digital technologies \u201cnew\u201d. On the one hand, they have been distributed to the general public since the end of the 1970s. It was thus in 1981 that IBM launched the first <a href=\"https:\/\/www.universalis.fr\/encyclopedie\/informatique-histoire\/3-l-avenement-de-la-micro-informatique\/\" target=\"_blank\" rel=\"noreferrer noopener\">personal computer<\/a>. On the other hand, in the 21st century, technologies are constantly evolving in line with the changing needs of populations. Training in digital communication in a connected society is therefore training in communication in general! How then to find it? Is the knowledge acquired today not outdated tomorrow?<\/p>\n\n\n\n<h2 class=\"wp-block-heading\">In the digital field too, knowledge can be preserved<\/h2>\n\n\n\n<p>With the development of continuous training, companies and employees recognize that knowledge is a precious resource. They are also aware of the importance of training their employees <a href=\"https:\/\/www.education.gouv.fr\/la-formation-tout-au-long-de-la-vie-7508\" target=\"_blank\" rel=\"noreferrer noopener\">throughout life<\/a>. However, which company will agree to train their employees each year in Office 2020, 2021 and then 2022? Moreover, if such a training cycle is not envisaged, it is because the employees have acquired lasting skills. They are capable of autonomy. They can face new situations, which have not necessarily been covered in training. In short: they are acquired high-level skills. Thus, the higher the skills, the more they will be able to embrace different situations. And the lower the skills, the more immediately they will be operational, repeating situations already covered.<\/p>\n\n\n\n<h2 class=\"wp-block-heading\">Design and pedagogy at the service of the digital humanities<\/h2>\n\n\n\n<p>Ultimately, the acquisition of high-level skills linked to effective routines is the foundation of employee productivity. It is this pedagogical approach that we favor, centered on the cognitive specificities of the human brain. Our <strong>pedagogical approach<\/strong> is based on the acquisition of schemes or concepts related to practice. Our approach is intended to be at the service of the human: turned towards the general interest, towards respect for human specificities. So we believe like <strong>the project approach<\/strong>, the appropriation of real situations, the approach of conception by design, work by deliverables, the strong link between theories and practices. Admittedly, digital communication can be diverted and manipulated, the human being instrumentalized. On the contrary, we advocate an ethical approach, centered on the respect and integrity of users of digital devices.<\/p>\n\n\n\n<p>On this site you can order <a href=\"http:\/\/boutique\">several books on digital communication in the Bookstore section<\/a> who embrace this approach.<\/p>","protected":false},"excerpt":{"rendered":"<p>En tant qu&rsquo;enseignant et chercheur sp\u00e9cialiste des humanit\u00e9s num\u00e9riques, je produis r\u00e9guli\u00e8rement des ressources p\u00e9dagogiques pour aider les \u00e9tudiants \u00e0 mieux se former avec les technologies num\u00e9riques. J&rsquo;interviens sur des domaines vari\u00e9s : le design d&rsquo;exp\u00e9rience, l&rsquo;administration de sites web, le r\u00e9f\u00e9rencement, la communication avec les r\u00e9seaux sociaux, la production de jeux ou d&rsquo;application multim\u00e9dia, [&hellip;]<\/p>\n","protected":false},"author":3,"featured_media":884,"comment_status":"open","ping_status":"open","sticky":false,"template":"","format":"image","meta":{"footnotes":""},"categories":[82],"tags":[79,89],"class_list":["post-883","post","type-post","status-publish","format-image","has-post-thumbnail","hentry","category-formation","tag-humanites-numeriques","tag-pedagogie","post_format-post-format-image"],"yoast_head":"<!-- This site is optimized with the Yoast SEO plugin v27.5 - https:\/\/yoast.com\/product\/yoast-seo-wordpress\/ -->\n<title>Comment se former \u00e0 la communication digitale ? - Thibaud Hulin&#039;s lab<\/title>\n<meta name=\"description\" content=\"Cet article pr\u00e9sente mon approche et projet de mettre \u00e0 disposition des ressources pour se former \u00e0 la communication digitale.\" \/>\n<meta name=\"robots\" content=\"index, follow, max-snippet:-1, max-image-preview:large, max-video-preview:-1\" \/>\n<link rel=\"canonical\" href=\"https:\/\/thibaudhulin.net\/en\/comment-se-former-a-la-communication-digitale\/\" \/>\n<meta property=\"og:locale\" content=\"en_US\" \/>\n<meta property=\"og:type\" content=\"article\" \/>\n<meta property=\"og:title\" content=\"Comment se former \u00e0 la communication digitale ? - Thibaud Hulin&#039;s lab\" \/>\n<meta property=\"og:description\" content=\"Cet article pr\u00e9sente mon approche et projet de mettre \u00e0 disposition des ressources pour se former \u00e0 la communication digitale.\" \/>\n<meta property=\"og:url\" content=\"https:\/\/thibaudhulin.net\/en\/comment-se-former-a-la-communication-digitale\/\" \/>\n<meta property=\"og:site_name\" content=\"Thibaud Hulin&#039;s lab\" \/>\n<meta property=\"article:publisher\" content=\"https:\/\/www.facebook.com\/thibaud.hulin\" \/>\n<meta property=\"article:author\" content=\"https:\/\/www.facebook.com\/thibaud.hulin\" \/>\n<meta property=\"article:published_time\" content=\"2021-12-11T22:40:05+00:00\" \/>\n<meta property=\"article:modified_time\" content=\"2021-12-13T11:12:15+00:00\" \/>\n<meta property=\"og:image\" content=\"https:\/\/thibaudhulin.net\/wp-content\/uploads\/2021\/12\/system-g4c0c9450d_1280.jpg\" \/>\n\t<meta property=\"og:image:width\" content=\"1280\" \/>\n\t<meta property=\"og:image:height\" content=\"533\" \/>\n\t<meta property=\"og:image:type\" content=\"image\/jpeg\" \/>\n<meta name=\"author\" content=\"Thibaud Hulin\" \/>\n<meta name=\"twitter:card\" content=\"summary_large_image\" \/>\n<meta name=\"twitter:creator\" content=\"@thibaud_hulin\" \/>\n<meta name=\"twitter:site\" content=\"@thibaud_hulin\" \/>\n<meta name=\"twitter:label1\" content=\"Written by\" \/>\n\t<meta name=\"twitter:data1\" content=\"Thibaud Hulin\" \/>\n\t<meta name=\"twitter:label2\" content=\"Est. reading time\" \/>\n\t<meta name=\"twitter:data2\" content=\"3 minutes\" \/>\n<script type=\"application\/ld+json\" class=\"yoast-schema-graph\">{\"@context\":\"https:\\\/\\\/schema.org\",\"@graph\":[{\"@type\":\"Article\",\"@id\":\"https:\\\/\\\/thibaudhulin.net\\\/comment-se-former-a-la-communication-digitale\\\/#article\",\"isPartOf\":{\"@id\":\"https:\\\/\\\/thibaudhulin.net\\\/comment-se-former-a-la-communication-digitale\\\/\"},\"author\":{\"name\":\"Thibaud Hulin\",\"@id\":\"https:\\\/\\\/thibaudhulin.net\\\/#\\\/schema\\\/person\\\/31c2160d0787468d1d3a150fcbb951dd\"},\"headline\":\"Comment se former \u00e0 la communication digitale ?\",\"datePublished\":\"2021-12-11T22:40:05+00:00\",\"dateModified\":\"2021-12-13T11:12:15+00:00\",\"mainEntityOfPage\":{\"@id\":\"https:\\\/\\\/thibaudhulin.net\\\/comment-se-former-a-la-communication-digitale\\\/\"},\"wordCount\":731,\"commentCount\":0,\"publisher\":{\"@id\":\"https:\\\/\\\/thibaudhulin.net\\\/#\\\/schema\\\/person\\\/31c2160d0787468d1d3a150fcbb951dd\"},\"image\":{\"@id\":\"https:\\\/\\\/thibaudhulin.net\\\/comment-se-former-a-la-communication-digitale\\\/#primaryimage\"},\"thumbnailUrl\":\"https:\\\/\\\/thibaudhulin.net\\\/wp-content\\\/uploads\\\/2021\\\/12\\\/system-g4c0c9450d_1280.jpg\",\"keywords\":[\"Humanit\u00e9s num\u00e9riques\",\"p\u00e9dagogie\"],\"articleSection\":[\"Formation\"],\"inLanguage\":\"en-US\",\"potentialAction\":[{\"@type\":\"CommentAction\",\"name\":\"Comment\",\"target\":[\"https:\\\/\\\/thibaudhulin.net\\\/comment-se-former-a-la-communication-digitale\\\/#respond\"]}]},{\"@type\":\"WebPage\",\"@id\":\"https:\\\/\\\/thibaudhulin.net\\\/comment-se-former-a-la-communication-digitale\\\/\",\"url\":\"https:\\\/\\\/thibaudhulin.net\\\/comment-se-former-a-la-communication-digitale\\\/\",\"name\":\"Comment se former \u00e0 la communication digitale ? - Thibaud Hulin&#039;s lab\",\"isPartOf\":{\"@id\":\"https:\\\/\\\/thibaudhulin.net\\\/#website\"},\"primaryImageOfPage\":{\"@id\":\"https:\\\/\\\/thibaudhulin.net\\\/comment-se-former-a-la-communication-digitale\\\/#primaryimage\"},\"image\":{\"@id\":\"https:\\\/\\\/thibaudhulin.net\\\/comment-se-former-a-la-communication-digitale\\\/#primaryimage\"},\"thumbnailUrl\":\"https:\\\/\\\/thibaudhulin.net\\\/wp-content\\\/uploads\\\/2021\\\/12\\\/system-g4c0c9450d_1280.jpg\",\"datePublished\":\"2021-12-11T22:40:05+00:00\",\"dateModified\":\"2021-12-13T11:12:15+00:00\",\"description\":\"Cet article pr\u00e9sente mon approche et projet de mettre \u00e0 disposition des ressources pour se former \u00e0 la communication digitale.\",\"breadcrumb\":{\"@id\":\"https:\\\/\\\/thibaudhulin.net\\\/comment-se-former-a-la-communication-digitale\\\/#breadcrumb\"},\"inLanguage\":\"en-US\",\"potentialAction\":[{\"@type\":\"ReadAction\",\"target\":[\"https:\\\/\\\/thibaudhulin.net\\\/comment-se-former-a-la-communication-digitale\\\/\"]}]},{\"@type\":\"ImageObject\",\"inLanguage\":\"en-US\",\"@id\":\"https:\\\/\\\/thibaudhulin.net\\\/comment-se-former-a-la-communication-digitale\\\/#primaryimage\",\"url\":\"https:\\\/\\\/thibaudhulin.net\\\/wp-content\\\/uploads\\\/2021\\\/12\\\/system-g4c0c9450d_1280.jpg\",\"contentUrl\":\"https:\\\/\\\/thibaudhulin.net\\\/wp-content\\\/uploads\\\/2021\\\/12\\\/system-g4c0c9450d_1280.jpg\",\"width\":1280,\"height\":533,\"caption\":\"Communication digitale : nuages ou beau temps ?\"},{\"@type\":\"BreadcrumbList\",\"@id\":\"https:\\\/\\\/thibaudhulin.net\\\/comment-se-former-a-la-communication-digitale\\\/#breadcrumb\",\"itemListElement\":[{\"@type\":\"ListItem\",\"position\":1,\"name\":\"Accueil\",\"item\":\"https:\\\/\\\/thibaudhulin.net\\\/\"},{\"@type\":\"ListItem\",\"position\":2,\"name\":\"Comment se former \u00e0 la communication digitale ?\"}]},{\"@type\":\"WebSite\",\"@id\":\"https:\\\/\\\/thibaudhulin.net\\\/#website\",\"url\":\"https:\\\/\\\/thibaudhulin.net\\\/\",\"name\":\"Site personnel de Thibaud Hulin\",\"description\":\"Laboratoire d&#039;id\u00e9es de Thibaud Hulin\",\"publisher\":{\"@id\":\"https:\\\/\\\/thibaudhulin.net\\\/#\\\/schema\\\/person\\\/31c2160d0787468d1d3a150fcbb951dd\"},\"alternateName\":\"Thibaud Hulin(s lab\",\"potentialAction\":[{\"@type\":\"SearchAction\",\"target\":{\"@type\":\"EntryPoint\",\"urlTemplate\":\"https:\\\/\\\/thibaudhulin.net\\\/?s={search_term_string}\"},\"query-input\":{\"@type\":\"PropertyValueSpecification\",\"valueRequired\":true,\"valueName\":\"search_term_string\"}}],\"inLanguage\":\"en-US\"},{\"@type\":[\"Person\",\"Organization\"],\"@id\":\"https:\\\/\\\/thibaudhulin.net\\\/#\\\/schema\\\/person\\\/31c2160d0787468d1d3a150fcbb951dd\",\"name\":\"Thibaud Hulin\",\"image\":{\"@type\":\"ImageObject\",\"inLanguage\":\"en-US\",\"@id\":\"https:\\\/\\\/thibaudhulin.net\\\/wp-content\\\/uploads\\\/2021\\\/01\\\/T_Hulin.png\",\"url\":\"https:\\\/\\\/thibaudhulin.net\\\/wp-content\\\/uploads\\\/2021\\\/01\\\/T_Hulin.png\",\"contentUrl\":\"https:\\\/\\\/thibaudhulin.net\\\/wp-content\\\/uploads\\\/2021\\\/01\\\/T_Hulin.png\",\"width\":596,\"height\":960,\"caption\":\"Thibaud Hulin\"},\"logo\":{\"@id\":\"https:\\\/\\\/thibaudhulin.net\\\/wp-content\\\/uploads\\\/2021\\\/01\\\/T_Hulin.png\"},\"description\":\"Enseignant chercheur en sciences de l'information et de la communication\",\"sameAs\":[\"https:\\\/\\\/www.facebook.com\\\/thibaud.hulin\",\"https:\\\/\\\/x.com\\\/thibaud_hulin\"]}]}<\/script>\n<!-- \/ Yoast SEO plugin. -->","yoast_head_json":{"title":"Comment se former \u00e0 la communication digitale ? - Thibaud Hulin&#039;s lab","description":"This article presents my approach and project to provide resources to train in digital communication.","robots":{"index":"index","follow":"follow","max-snippet":"max-snippet:-1","max-image-preview":"max-image-preview:large","max-video-preview":"max-video-preview:-1"},"canonical":"https:\/\/thibaudhulin.net\/en\/comment-se-former-a-la-communication-digitale\/","og_locale":"en_US","og_type":"article","og_title":"Comment se former \u00e0 la communication digitale ? - Thibaud Hulin&#039;s lab","og_description":"Cet article pr\u00e9sente mon approche et projet de mettre \u00e0 disposition des ressources pour se former \u00e0 la communication digitale.","og_url":"https:\/\/thibaudhulin.net\/en\/comment-se-former-a-la-communication-digitale\/","og_site_name":"Thibaud Hulin&#039;s lab","article_publisher":"https:\/\/www.facebook.com\/thibaud.hulin","article_author":"https:\/\/www.facebook.com\/thibaud.hulin","article_published_time":"2021-12-11T22:40:05+00:00","article_modified_time":"2021-12-13T11:12:15+00:00","og_image":[{"width":1280,"height":533,"url":"https:\/\/thibaudhulin.net\/wp-content\/uploads\/2021\/12\/system-g4c0c9450d_1280.jpg","type":"image\/jpeg"}],"author":"Thibaud Hulin","twitter_card":"summary_large_image","twitter_creator":"@thibaud_hulin","twitter_site":"@thibaud_hulin","twitter_misc":{"Written by":"Thibaud Hulin","Est. reading time":"3 minutes"},"schema":{"@context":"https:\/\/schema.org","@graph":[{"@type":"Article","@id":"https:\/\/thibaudhulin.net\/comment-se-former-a-la-communication-digitale\/#article","isPartOf":{"@id":"https:\/\/thibaudhulin.net\/comment-se-former-a-la-communication-digitale\/"},"author":{"name":"Thibaud Hulin","@id":"https:\/\/thibaudhulin.net\/#\/schema\/person\/31c2160d0787468d1d3a150fcbb951dd"},"headline":"Comment se former \u00e0 la communication digitale ?","datePublished":"2021-12-11T22:40:05+00:00","dateModified":"2021-12-13T11:12:15+00:00","mainEntityOfPage":{"@id":"https:\/\/thibaudhulin.net\/comment-se-former-a-la-communication-digitale\/"},"wordCount":731,"commentCount":0,"publisher":{"@id":"https:\/\/thibaudhulin.net\/#\/schema\/person\/31c2160d0787468d1d3a150fcbb951dd"},"image":{"@id":"https:\/\/thibaudhulin.net\/comment-se-former-a-la-communication-digitale\/#primaryimage"},"thumbnailUrl":"https:\/\/thibaudhulin.net\/wp-content\/uploads\/2021\/12\/system-g4c0c9450d_1280.jpg","keywords":["Humanit\u00e9s num\u00e9riques","p\u00e9dagogie"],"articleSection":["Formation"],"inLanguage":"en-US","potentialAction":[{"@type":"CommentAction","name":"Comment","target":["https:\/\/thibaudhulin.net\/comment-se-former-a-la-communication-digitale\/#respond"]}]},{"@type":"WebPage","@id":"https:\/\/thibaudhulin.net\/comment-se-former-a-la-communication-digitale\/","url":"https:\/\/thibaudhulin.net\/comment-se-former-a-la-communication-digitale\/","name":"Comment se former \u00e0 la communication digitale ? - Thibaud Hulin&#039;s lab","isPartOf":{"@id":"https:\/\/thibaudhulin.net\/#website"},"primaryImageOfPage":{"@id":"https:\/\/thibaudhulin.net\/comment-se-former-a-la-communication-digitale\/#primaryimage"},"image":{"@id":"https:\/\/thibaudhulin.net\/comment-se-former-a-la-communication-digitale\/#primaryimage"},"thumbnailUrl":"https:\/\/thibaudhulin.net\/wp-content\/uploads\/2021\/12\/system-g4c0c9450d_1280.jpg","datePublished":"2021-12-11T22:40:05+00:00","dateModified":"2021-12-13T11:12:15+00:00","description":"This article presents my approach and project to provide resources to train in digital communication.","breadcrumb":{"@id":"https:\/\/thibaudhulin.net\/comment-se-former-a-la-communication-digitale\/#breadcrumb"},"inLanguage":"en-US","potentialAction":[{"@type":"ReadAction","target":["https:\/\/thibaudhulin.net\/comment-se-former-a-la-communication-digitale\/"]}]},{"@type":"ImageObject","inLanguage":"en-US","@id":"https:\/\/thibaudhulin.net\/comment-se-former-a-la-communication-digitale\/#primaryimage","url":"https:\/\/thibaudhulin.net\/wp-content\/uploads\/2021\/12\/system-g4c0c9450d_1280.jpg","contentUrl":"https:\/\/thibaudhulin.net\/wp-content\/uploads\/2021\/12\/system-g4c0c9450d_1280.jpg","width":1280,"height":533,"caption":"Communication digitale : nuages ou beau temps ?"},{"@type":"BreadcrumbList","@id":"https:\/\/thibaudhulin.net\/comment-se-former-a-la-communication-digitale\/#breadcrumb","itemListElement":[{"@type":"ListItem","position":1,"name":"Accueil","item":"https:\/\/thibaudhulin.net\/"},{"@type":"ListItem","position":2,"name":"Comment se former \u00e0 la communication digitale ?"}]},{"@type":"WebSite","@id":"https:\/\/thibaudhulin.net\/#website","url":"https:\/\/thibaudhulin.net\/","name":"Site personnel de Thibaud Hulin","description":"Thibaud Hulin\u2019s laboratory of ideas","publisher":{"@id":"https:\/\/thibaudhulin.net\/#\/schema\/person\/31c2160d0787468d1d3a150fcbb951dd"},"alternateName":"Thibaud Hulin(s lab","potentialAction":[{"@type":"SearchAction","target":{"@type":"EntryPoint","urlTemplate":"https:\/\/thibaudhulin.net\/?s={search_term_string}"},"query-input":{"@type":"PropertyValueSpecification","valueRequired":true,"valueName":"search_term_string"}}],"inLanguage":"en-US"},{"@type":["Person","Organization"],"@id":"https:\/\/thibaudhulin.net\/#\/schema\/person\/31c2160d0787468d1d3a150fcbb951dd","name":"Thibaud Hulin","image":{"@type":"ImageObject","inLanguage":"en-US","@id":"https:\/\/thibaudhulin.net\/wp-content\/uploads\/2021\/01\/T_Hulin.png","url":"https:\/\/thibaudhulin.net\/wp-content\/uploads\/2021\/01\/T_Hulin.png","contentUrl":"https:\/\/thibaudhulin.net\/wp-content\/uploads\/2021\/01\/T_Hulin.png","width":596,"height":960,"caption":"Thibaud Hulin"},"logo":{"@id":"https:\/\/thibaudhulin.net\/wp-content\/uploads\/2021\/01\/T_Hulin.png"},"description":"Enseignant chercheur en sciences de l'information et de la communication","sameAs":["https:\/\/www.facebook.com\/thibaud.hulin","https:\/\/x.com\/thibaud_hulin"]}]}},"amp_enabled":true,"_links":{"self":[{"href":"https:\/\/thibaudhulin.net\/en\/wp-json\/wp\/v2\/posts\/883","targetHints":{"allow":["GET"]}}],"collection":[{"href":"https:\/\/thibaudhulin.net\/en\/wp-json\/wp\/v2\/posts"}],"about":[{"href":"https:\/\/thibaudhulin.net\/en\/wp-json\/wp\/v2\/types\/post"}],"author":[{"embeddable":true,"href":"https:\/\/thibaudhulin.net\/en\/wp-json\/wp\/v2\/users\/3"}],"replies":[{"embeddable":true,"href":"https:\/\/thibaudhulin.net\/en\/wp-json\/wp\/v2\/comments?post=883"}],"version-history":[{"count":0,"href":"https:\/\/thibaudhulin.net\/en\/wp-json\/wp\/v2\/posts\/883\/revisions"}],"wp:featuredmedia":[{"embeddable":true,"href":"https:\/\/thibaudhulin.net\/en\/wp-json\/wp\/v2\/media\/884"}],"wp:attachment":[{"href":"https:\/\/thibaudhulin.net\/en\/wp-json\/wp\/v2\/media?parent=883"}],"wp:term":[{"taxonomy":"category","embeddable":true,"href":"https:\/\/thibaudhulin.net\/en\/wp-json\/wp\/v2\/categories?post=883"},{"taxonomy":"post_tag","embeddable":true,"href":"https:\/\/thibaudhulin.net\/en\/wp-json\/wp\/v2\/tags?post=883"}],"curies":[{"name":"wp","href":"https:\/\/api.w.org\/{rel}","templated":true}]}}